{"id":1900,"date":"2023-11-05T20:40:03","date_gmt":"2023-11-05T19:40:03","guid":{"rendered":"https:\/\/warsztatyceramiki.pl\/?p=1900"},"modified":"2023-11-05T22:41:25","modified_gmt":"2023-11-05T21:41:25","slug":"warsztaty-tworzenia-kosmetykow-naturalnych","status":"publish","type":"post","link":"https:\/\/warsztatyceramiki.pl\/index.php\/2023\/11\/05\/warsztaty-tworzenia-kosmetykow-naturalnych\/","title":{"rendered":"Warsztaty tworzenia kosmetyk\u00f3w naturalnych"},"content":{"rendered":"<p>[et_pb_section fb_built=&#8221;1&#8243; admin_label=&#8221;Class Details Section&#8221; _builder_version=&#8221;4.16&#8243; background_color=&#8221;#efe9e4&#8243; custom_padding=&#8221;90px||9px|||&#8221; global_colors_info=&#8221;{}&#8221;][et_pb_row admin_label=&#8221;Class Details Area&#8221; _builder_version=&#8221;4.16&#8243; custom_padding=&#8221;12px|0px|12px|0px|true|&#8221; global_colors_info=&#8221;{}&#8221;][et_pb_column type=&#8221;4_4&#8243; _builder_version=&#8221;4.16&#8243; custom_padding=&#8221;|||&#8221; global_colors_info=&#8221;{}&#8221; custom_padding__hover=&#8221;|||&#8221;][et_pb_text admin_label=&#8221;Title&#8221; _builder_version=&#8221;4.20.2&#8243; text_font=&#8221;||||||||&#8221; header_font=&#8221;||||||||&#8221; header_2_font=&#8221;Poppins|600|||||||&#8221; header_2_text_align=&#8221;center&#8221; header_2_font_size=&#8221;36px&#8221; header_2_line_height=&#8221;1.2em&#8221; custom_margin=&#8221;||0px|&#8221; custom_padding=&#8221;|||&#8221; animation_style=&#8221;fade&#8221; global_colors_info=&#8221;{}&#8221;]<\/p>\n<h2>26.11.23 g. 16:00<\/h2>\n<h2>Warsztaty tworzenia<\/h2>\n<h2>kosmetyk\u00f3w naturalnych<\/h2>\n<h2>JESIENNE OTULENIE<\/h2>\n<p>[\/et_pb_text][et_pb_divider color=&#8221;#fdb467&#8243; divider_position=&#8221;center&#8221; divider_weight=&#8221;3px&#8221; _builder_version=&#8221;4.16&#8243; max_width=&#8221;50px&#8221; module_alignment=&#8221;center&#8221; animation_style=&#8221;slide&#8221; animation_direction=&#8221;top&#8221; animation_intensity_slide=&#8221;10%&#8221; animation_starting_opacity=&#8221;100%&#8221; global_colors_info=&#8221;{}&#8221;][\/et_pb_divider][\/et_pb_column][\/et_pb_row][et_pb_row admin_label=&#8221;Course Overview Area &#8221; _builder_version=&#8221;4.16&#8243; custom_margin=&#8221;|||&#8221; custom_padding=&#8221;11px|||||&#8221; global_colors_info=&#8221;{}&#8221;][et_pb_column type=&#8221;4_4&#8243; _builder_version=&#8221;4.16&#8243; custom_padding=&#8221;|||&#8221; global_colors_info=&#8221;{}&#8221; custom_padding__hover=&#8221;|||&#8221;][et_pb_text _builder_version=&#8221;4.22.1&#8243; text_font=&#8221;Poppins||||||||&#8221; text_font_size=&#8221;18px&#8221; text_line_height=&#8221;1.8em&#8221; header_font=&#8221;||||||||&#8221; header_3_font=&#8221;||||||||&#8221; animation_style=&#8221;fade&#8221; global_colors_info=&#8221;{}&#8221;]<\/p>\n<p style=\"text-align: justify;\"><strong>Warsztaty tworzenia kosmetyk\u00f3w na bazie naturalnych sk\u0142adnik\u00f3w.<\/strong><br \/>Ambitny duet tw\u00f3rczych kobiet: <strong>Moniki &#8211; kosmetologa i Igi &#8211; technologa kosmetyk\u00f3w<\/strong> poprowadzi bardzo kobiece zaj\u0119cia zbudowane z solidnej dawki wiedzy na temat piel\u0119gnacji. Opowiedz\u0105 o tym co jest dobre dla sk\u00f3ry, ale te\u017c rozwiej\u0105 wszystkie mity na temat kosmetyk\u00f3w i ich sk\u0142ad\u00f3w.<\/p>\n<p><strong>Cz\u0119\u015b\u0107 teoretyczna:<\/strong><br \/>1. Panel dot. oczyszczania, demakija\u017cu i w\u0142a\u015bciwej piel\u0119gnacji<br \/>2. Dobroczynne dzia\u0142anie masa\u017cu na sk\u00f3r\u0119 i tkanki- ruchy masa\u017cu, etc.<br \/>3. W\u0142a\u015bciwa piel\u0119gnacja okolicy czerwieni wargowej na podstawie wykonanych produkt\u00f3w na szkoleniu<br \/>4. Sk\u0142adniki aktywne<br \/>5. Recepturowanie: formulacje, zasady uk\u0142adania sk\u0142adu INCI<br \/>6. Jak czyta\u0107 daty wa\u017cno\u015bci<br \/>7. Bezpiecze\u0144stwo kosmetyku<br \/>8. Konserwanty<br \/>9. Czy naturalne znaczy lepsze<br \/>10. Jak m\u0105drze wybra\u0107 kosmetyk- minimalizm kosmetyczny<br \/>11. Triki na wykorzystanie domowych sk\u0142adnik\u00f3w podczas piel\u0119gnacji<\/p>\n<p><strong>Cz\u0119\u015b\u0107 praktyczna:<\/strong><\/p>\n<div>Stworzenie\u00a0w\u0142asnej linii kosmetyk\u00f3w do jesiennej piel\u0119gnacji.<\/div>\n<div>Trzy naturalne kosmetyki piel\u0119gnacyjne.<\/div>\n<div>Wszystkie produkty wykonane podczas warsztat\u00f3w klientki zabieraj\u0105 ze sob\u0105 do domu.<\/div>\n<p><strong>Zapewniamy:<\/strong><br \/>1. Surowce kosmetyczne<br \/>2. Akcesoria potrzebne do wykonania<br \/>3. Skrypty szkoleniowe<\/p>\n<p>Wszystkie produkty wykonane podczas warsztat\u00f3w zabieracie ze sob\u0105 do domu. \ud83d\ude42<\/p>\n<p><strong>PROWADZ\u0104CE:<\/strong><br \/>Monika &#8211; Kosmetolog, w\u0142a\u015bciciel gabinetu kosmetologii, szkoleniowiec, wiza\u017cysta, z d\u0142ugoletnim do\u015bwiadczeniem w bran\u017cy beauty<\/p>\n<p>Iga- mi\u0142o\u015b\u0107 do kosmetyk\u00f3w i piel\u0119gnacji zacz\u0119\u0142a si\u0119 niewinnie od dorywczej pracy na studiach w sklepie z myd\u0142ami naturalnymi. Aktualnie Absolwentka Technologii Kosmetyk\u00f3w na wydziale Biotechnologii i Nauk o \u017bywno\u015bci na Politechnice \u0141\u00f3dzkiej.<br \/>Od ponad 8 lat w bran\u017cy beauty, zar\u00f3wno w dziale sprzeda\u017cy, szkole\u0144 oraz jako manager.<\/p>\n<p>[\/et_pb_text][\/et_pb_column][\/et_pb_row][et_pb_row admin_label=&#8221;Course Overview Area &#8221; _builder_version=&#8221;4.16&#8243; custom_margin=&#8221;|||&#8221; custom_padding=&#8221;|||&#8221; global_colors_info=&#8221;{}&#8221;][et_pb_column type=&#8221;4_4&#8243; _builder_version=&#8221;4.16&#8243; custom_padding=&#8221;|||&#8221; global_colors_info=&#8221;{}&#8221; custom_padding__hover=&#8221;|||&#8221;][et_pb_text admin_label=&#8221;Title&#8221; _builder_version=&#8221;4.22.1&#8243; header_font=&#8221;||||||||&#8221; header_3_font=&#8221;Poppins|600|||||||&#8221; header_3_line_height=&#8221;1.2em&#8221; custom_margin=&#8221;||20px|&#8221; animation_style=&#8221;fade&#8221; global_colors_info=&#8221;{}&#8221;]<\/p>\n<h3>Termin:<\/h3>\n<h3>26.11.2023 godz 16:00<\/h3>\n<h3>Czas trwania: 2 godz<\/h3>\n<h3>Cena: 250 z\u0142<\/h3>\n<p>&nbsp;<\/p>\n<h3>Cena 200 z\u0142 przy zakupie z warsztatami tworzenia kosmetyk\u00f3w naturalnych.<\/h3>\n<h3>Obowi\u0105zuje wcze\u015bniejsza rezerwacja (skorzystaj z formularza poni\u017cej) i przedp\u0142ata 100 z\u0142<\/h3>\n<h3>(w przypadku odwo\u0142ania rezerwacji na 24 godziny przed zaj\u0119ciami przedp\u0142ata nie b\u0119dzie zwracana).<\/h3>\n<h3><\/h3>\n<p>[\/et_pb_text][\/et_pb_column][\/et_pb_row][\/et_pb_section][et_pb_section fb_built=&#8221;1&#8243; admin_label=&#8221;Divider Section&#8221; _builder_version=&#8221;4.16&#8243; background_color=&#8221;#1e1d1c&#8221; custom_padding=&#8221;0px||0px|&#8221; global_colors_info=&#8221;{}&#8221;][et_pb_row admin_label=&#8221;Divider Area&#8221; _builder_version=&#8221;4.16&#8243; custom_padding=&#8221;0px||0px|&#8221; global_colors_info=&#8221;{}&#8221;][et_pb_column type=&#8221;4_4&#8243; _builder_version=&#8221;4.16&#8243; custom_padding=&#8221;|||&#8221; global_colors_info=&#8221;{}&#8221; custom_padding__hover=&#8221;|||&#8221;][et_pb_divider color=&#8221;rgba(255,255,255,0.12)&#8221; divider_position=&#8221;center&#8221; _builder_version=&#8221;4.16&#8243; global_colors_info=&#8221;{}&#8221;][\/et_pb_divider][\/et_pb_column][\/et_pb_row][\/et_pb_section][et_pb_section fb_built=&#8221;1&#8243; admin_label=&#8221;Schedule&#8221; _builder_version=&#8221;4.16&#8243; background_color=&#8221;#282624&#8243; background_size=&#8221;initial&#8221; background_position=&#8221;top_left&#8221; background_repeat=&#8221;repeat&#8221; locked=&#8221;off&#8221; global_colors_info=&#8221;{}&#8221;][et_pb_row _builder_version=&#8221;4.16&#8243; locked=&#8221;off&#8221; global_colors_info=&#8221;{}&#8221;][et_pb_column type=&#8221;4_4&#8243; _builder_version=&#8221;4.16&#8243; global_colors_info=&#8221;{}&#8221;][et_pb_text admin_label=&#8221;Title&#8221; _builder_version=&#8221;4.20.2&#8243; text_font=&#8221;||||||||&#8221; text_text_color=&#8221;#ffffff&#8221; header_font=&#8221;||||||||&#8221; header_2_font=&#8221;Poppins|600|||||||&#8221; header_2_text_color=&#8221;#ffffff&#8221; header_2_font_size=&#8221;36px&#8221; header_2_line_height=&#8221;1.2em&#8221; text_orientation=&#8221;center&#8221; max_width=&#8221;550px&#8221; module_alignment=&#8221;center&#8221; custom_margin=&#8221;||0px|&#8221; animation_style=&#8221;fade&#8221; locked=&#8221;off&#8221; global_colors_info=&#8221;{}&#8221;]<\/p>\n<h2>Zarezerwuj lub zapytaj<\/h2>\n<p>[\/et_pb_text][\/et_pb_column][\/et_pb_row][et_pb_row use_custom_gutter=&#8221;on&#8221; gutter_width=&#8221;2&#8243; _builder_version=&#8221;4.16&#8243; custom_margin=&#8221;-7px|auto||auto||&#8221; custom_padding=&#8221;0px|30px|0px|30px|true|true&#8221; global_colors_info=&#8221;{}&#8221;][et_pb_column type=&#8221;4_4&#8243; _builder_version=&#8221;4.16&#8243; global_colors_info=&#8221;{}&#8221;][et_pb_contact_form captcha=&#8221;off&#8221; email=&#8221;pracowniakreatywna.lodz@gmail.com&#8221; success_message=&#8221;Dzi\u0119kujemy za wiadomo\u015b\u0107.&#8221; submit_button_text=&#8221;Wy\u015blij wiadomo\u015b\u0107&#8221; module_id=&#8221;et_pb_contact_form_0&#8243; _builder_version=&#8221;4.22.1&#8243; _unique_id=&#8221;4b5bc85a-38b9-4ca0-b546-5f43966242d0&#8243; form_field_background_color=&#8221;rgba(255,255,255,0.99)&#8221; form_field_text_color=&#8221;rgba(0,0,0,0.87)&#8221; form_field_focus_background_color=&#8221;#dbdbdb&#8221; form_field_focus_text_color=&#8221;#000000&#8243; title_level=&#8221;h2&#8243; title_font=&#8221;Oswald|||on|||||&#8221; title_line_height=&#8221;1.5em&#8221; form_field_font=&#8221;Roboto|500||on|||||&#8221; form_field_font_size=&#8221;12px&#8221; form_field_letter_spacing=&#8221;2px&#8221; custom_button=&#8221;on&#8221; button_text_size=&#8221;14px&#8221; button_text_color=&#8221;#ffffff&#8221; button_bg_color=&#8221;#cbb9a8&#8243; button_border_width=&#8221;12px&#8221; button_border_color=&#8221;#cbb9a8&#8243; button_border_radius=&#8221;0px&#8221; button_letter_spacing=&#8221;5px&#8221; button_font=&#8221;Roboto|700||on|||||&#8221; custom_margin=&#8221;33px|||||&#8221; border_width_bottom=&#8221;2px&#8221; border_color_bottom=&#8221;rgba(51,51,51,0.13)&#8221; form_background_color=&#8221;rgba(240,237,238,0.26)&#8221; locked=&#8221;off&#8221; global_colors_info=&#8221;{}&#8221;][et_pb_contact_field field_id=&#8221;Name&#8221; field_title=&#8221;Imi\u0119 i nazwisko&#8221; fullwidth_field=&#8221;on&#8221; _builder_version=&#8221;4.16&#8243; global_colors_info=&#8221;{}&#8221; button_text_size__hover_enabled=&#8221;off&#8221; button_one_text_size__hover_enabled=&#8221;off&#8221; button_two_text_size__hover_enabled=&#8221;off&#8221; button_text_color__hover_enabled=&#8221;off&#8221; button_one_text_color__hover_enabled=&#8221;off&#8221; button_two_text_color__hover_enabled=&#8221;off&#8221; button_border_width__hover_enabled=&#8221;off&#8221; button_one_border_width__hover_enabled=&#8221;off&#8221; button_two_border_width__hover_enabled=&#8221;off&#8221; button_border_color__hover_enabled=&#8221;off&#8221; button_one_border_color__hover_enabled=&#8221;off&#8221; button_two_border_color__hover_enabled=&#8221;off&#8221; button_border_radius__hover_enabled=&#8221;off&#8221; button_one_border_radius__hover_enabled=&#8221;off&#8221; button_two_border_radius__hover_enabled=&#8221;off&#8221; button_letter_spacing__hover_enabled=&#8221;off&#8221; button_one_letter_spacing__hover_enabled=&#8221;off&#8221; button_two_letter_spacing__hover_enabled=&#8221;off&#8221; button_bg_color__hover_enabled=&#8221;off&#8221; button_one_bg_color__hover_enabled=&#8221;off&#8221; button_two_bg_color__hover_enabled=&#8221;off&#8221;][\/et_pb_contact_field][et_pb_contact_field field_id=&#8221;Email&#8221; field_title=&#8221;Email&#8221; field_type=&#8221;email&#8221; _builder_version=&#8221;4.16&#8243; global_colors_info=&#8221;{}&#8221; button_text_size__hover_enabled=&#8221;off&#8221; button_one_text_size__hover_enabled=&#8221;off&#8221; button_two_text_size__hover_enabled=&#8221;off&#8221; button_text_color__hover_enabled=&#8221;off&#8221; button_one_text_color__hover_enabled=&#8221;off&#8221; button_two_text_color__hover_enabled=&#8221;off&#8221; button_border_width__hover_enabled=&#8221;off&#8221; button_one_border_width__hover_enabled=&#8221;off&#8221; button_two_border_width__hover_enabled=&#8221;off&#8221; button_border_color__hover_enabled=&#8221;off&#8221; button_one_border_color__hover_enabled=&#8221;off&#8221; button_two_border_color__hover_enabled=&#8221;off&#8221; button_border_radius__hover_enabled=&#8221;off&#8221; button_one_border_radius__hover_enabled=&#8221;off&#8221; button_two_border_radius__hover_enabled=&#8221;off&#8221; button_letter_spacing__hover_enabled=&#8221;off&#8221; button_one_letter_spacing__hover_enabled=&#8221;off&#8221; button_two_letter_spacing__hover_enabled=&#8221;off&#8221; button_bg_color__hover_enabled=&#8221;off&#8221; button_one_bg_color__hover_enabled=&#8221;off&#8221; button_two_bg_color__hover_enabled=&#8221;off&#8221;][\/et_pb_contact_field][et_pb_contact_field field_id=&#8221;Phone&#8221; field_title=&#8221;Nr telefonu&#8221; max_length=&#8221;30&#8243; allowed_symbols=&#8221;numbers&#8221; required_mark=&#8221;off&#8221; _builder_version=&#8221;4.16&#8243; global_colors_info=&#8221;{}&#8221; button_text_size__hover_enabled=&#8221;off&#8221; button_one_text_size__hover_enabled=&#8221;off&#8221; button_two_text_size__hover_enabled=&#8221;off&#8221; button_text_color__hover_enabled=&#8221;off&#8221; button_one_text_color__hover_enabled=&#8221;off&#8221; button_two_text_color__hover_enabled=&#8221;off&#8221; button_border_width__hover_enabled=&#8221;off&#8221; button_one_border_width__hover_enabled=&#8221;off&#8221; button_two_border_width__hover_enabled=&#8221;off&#8221; button_border_color__hover_enabled=&#8221;off&#8221; button_one_border_color__hover_enabled=&#8221;off&#8221; button_two_border_color__hover_enabled=&#8221;off&#8221; button_border_radius__hover_enabled=&#8221;off&#8221; button_one_border_radius__hover_enabled=&#8221;off&#8221; button_two_border_radius__hover_enabled=&#8221;off&#8221; button_letter_spacing__hover_enabled=&#8221;off&#8221; button_one_letter_spacing__hover_enabled=&#8221;off&#8221; button_two_letter_spacing__hover_enabled=&#8221;off&#8221; button_bg_color__hover_enabled=&#8221;off&#8221; button_one_bg_color__hover_enabled=&#8221;off&#8221; button_two_bg_color__hover_enabled=&#8221;off&#8221;][\/et_pb_contact_field][et_pb_contact_field field_id=&#8221;rodzaj_zaj\u0119\u0107&#8221; field_title=&#8221;rodzaj warsztat\u00f3w&#8221; field_type=&#8221;select&#8221; select_options=&#8221;%91{%22value%22:%22Kamionki%22,%22checked%22:0,%22dragID%22:0},{%22value%22:%22Warsztaty &#8211; kosmetyki naturalne%22,%22checked%22:0,%22dragID%22:1},{%22value%22:%22Warsztaty &#8211; \u015bwiece naturalne%22,%22checked%22:0,%22dragID%22:-1},{%22value%22:%22Warsztaty kosmetyki + \u015bwiece%22,%22checked%22:0,%22dragID%22:2}%93&#8243; _builder_version=&#8221;4.22.1&#8243; global_colors_info=&#8221;{}&#8221; button_text_size__hover_enabled=&#8221;off&#8221; button_one_text_size__hover_enabled=&#8221;off&#8221; button_two_text_size__hover_enabled=&#8221;off&#8221; button_text_color__hover_enabled=&#8221;off&#8221; button_one_text_color__hover_enabled=&#8221;off&#8221; button_two_text_color__hover_enabled=&#8221;off&#8221; button_border_width__hover_enabled=&#8221;off&#8221; button_one_border_width__hover_enabled=&#8221;off&#8221; button_two_border_width__hover_enabled=&#8221;off&#8221; button_border_color__hover_enabled=&#8221;off&#8221; button_one_border_color__hover_enabled=&#8221;off&#8221; button_two_border_color__hover_enabled=&#8221;off&#8221; button_border_radius__hover_enabled=&#8221;off&#8221; button_one_border_radius__hover_enabled=&#8221;off&#8221; button_two_border_radius__hover_enabled=&#8221;off&#8221; button_letter_spacing__hover_enabled=&#8221;off&#8221; button_one_letter_spacing__hover_enabled=&#8221;off&#8221; button_two_letter_spacing__hover_enabled=&#8221;off&#8221; button_bg_color__hover_enabled=&#8221;off&#8221; button_one_bg_color__hover_enabled=&#8221;off&#8221; button_two_bg_color__hover_enabled=&#8221;off&#8221;][\/et_pb_contact_field][et_pb_contact_field field_id=&#8221;Message&#8221; field_title=&#8221;Masz pytanie?&#8221; field_type=&#8221;text&#8221; required_mark=&#8221;off&#8221; fullwidth_field=&#8221;on&#8221; _builder_version=&#8221;4.20.2&#8243; global_colors_info=&#8221;{}&#8221; button_text_size__hover_enabled=&#8221;off&#8221; button_one_text_size__hover_enabled=&#8221;off&#8221; button_two_text_size__hover_enabled=&#8221;off&#8221; button_text_color__hover_enabled=&#8221;off&#8221; button_one_text_color__hover_enabled=&#8221;off&#8221; button_two_text_color__hover_enabled=&#8221;off&#8221; button_border_width__hover_enabled=&#8221;off&#8221; button_one_border_width__hover_enabled=&#8221;off&#8221; button_two_border_width__hover_enabled=&#8221;off&#8221; button_border_color__hover_enabled=&#8221;off&#8221; button_one_border_color__hover_enabled=&#8221;off&#8221; button_two_border_color__hover_enabled=&#8221;off&#8221; button_border_radius__hover_enabled=&#8221;off&#8221; button_one_border_radius__hover_enabled=&#8221;off&#8221; button_two_border_radius__hover_enabled=&#8221;off&#8221; button_letter_spacing__hover_enabled=&#8221;off&#8221; button_one_letter_spacing__hover_enabled=&#8221;off&#8221; button_two_letter_spacing__hover_enabled=&#8221;off&#8221; button_bg_color__hover_enabled=&#8221;off&#8221; button_one_bg_color__hover_enabled=&#8221;off&#8221; button_two_bg_color__hover_enabled=&#8221;off&#8221;][\/et_pb_contact_field][\/et_pb_contact_form][\/et_pb_column][\/et_pb_row][\/et_pb_section][et_pb_section fb_built=&#8221;1&#8243; admin_label=&#8221;Footer Section&#8221; _builder_version=&#8221;4.16&#8243; background_color=&#8221;#1e1d1c&#8221; custom_padding=&#8221;90px||0px|||&#8221; global_colors_info=&#8221;{}&#8221;][et_pb_row column_structure=&#8221;1_3,1_3,1_3&#8243; admin_label=&#8221;Footer Area&#8221; _builder_version=&#8221;4.16&#8243; global_colors_info=&#8221;{}&#8221;][et_pb_column type=&#8221;1_3&#8243; _builder_version=&#8221;4.16&#8243; custom_padding=&#8221;|||&#8221; global_colors_info=&#8221;{}&#8221; custom_padding__hover=&#8221;|||&#8221;][et_pb_text ul_type=&#8221;none&#8221; admin_label=&#8221;Title&#8221; _builder_version=&#8221;4.16&#8243; text_font=&#8221;Poppins||||||||&#8221; text_text_color=&#8221;rgba(255,255,255,0.7)&#8221; text_font_size=&#8221;16px&#8221; text_line_height=&#8221;1.8em&#8221; ul_font=&#8221;Poppins||||||||&#8221; ul_text_align=&#8221;center&#8221; header_font=&#8221;||||||||&#8221; header_2_font=&#8221;Poppins||||||||&#8221; header_2_text_align=&#8221;center&#8221; header_2_font_size=&#8221;24px&#8221; header_2_line_height=&#8221;1.4em&#8221; text_orientation=&#8221;center&#8221; background_layout=&#8221;dark&#8221; custom_margin=&#8221;||15px|&#8221; custom_padding=&#8221;|||&#8221; animation_style=&#8221;fade&#8221; global_colors_info=&#8221;{}&#8221;]<\/p>\n<h2>Adres<\/h2>\n<p>ul. Szpitalna 1<br \/>\n\u0141\u00f3d\u017a widzew[\/et_pb_text][\/et_pb_column][et_pb_column type=&#8221;1_3&#8243; _builder_version=&#8221;4.16&#8243; custom_padding=&#8221;|||&#8221; global_colors_info=&#8221;{}&#8221; custom_padding__hover=&#8221;|||&#8221;][et_pb_text ul_type=&#8221;none&#8221; admin_label=&#8221;Title&#8221; _builder_version=&#8221;4.20.2&#8243; text_font=&#8221;Poppins||||||||&#8221; text_text_color=&#8221;rgba(255,255,255,0.7)&#8221; text_font_size=&#8221;16px&#8221; text_line_height=&#8221;1.8em&#8221; ul_font=&#8221;Poppins||||||||&#8221; ul_text_align=&#8221;center&#8221; header_font=&#8221;||||||||&#8221; header_2_font=&#8221;Poppins||||||||&#8221; header_2_text_align=&#8221;center&#8221; header_2_font_size=&#8221;24px&#8221; header_2_line_height=&#8221;1.4em&#8221; text_orientation=&#8221;center&#8221; background_layout=&#8221;dark&#8221; custom_margin=&#8221;||15px|&#8221; custom_padding=&#8221;|||&#8221; animation_style=&#8221;fade&#8221; global_colors_info=&#8221;{}&#8221;]<\/p>\n<h2>Telefon<\/h2>\n<p>Rezerwacja termin\u00f3w \u00a0518 000 590<\/p>\n<p>[\/et_pb_text][\/et_pb_column][et_pb_column type=&#8221;1_3&#8243; _builder_version=&#8221;4.16&#8243; custom_padding=&#8221;|||&#8221; global_colors_info=&#8221;{}&#8221; custom_padding__hover=&#8221;|||&#8221;][et_pb_text ul_type=&#8221;none&#8221; admin_label=&#8221;Title&#8221; _builder_version=&#8221;4.16&#8243; text_font=&#8221;Poppins||||||||&#8221; text_text_color=&#8221;rgba(255,255,255,0.7)&#8221; text_font_size=&#8221;16px&#8221; text_line_height=&#8221;1.8em&#8221; ul_font=&#8221;Poppins||||||||&#8221; ul_text_align=&#8221;center&#8221; header_font=&#8221;||||||||&#8221; header_2_font=&#8221;Poppins||||||||&#8221; header_2_text_align=&#8221;center&#8221; header_2_font_size=&#8221;24px&#8221; header_2_line_height=&#8221;1.4em&#8221; text_orientation=&#8221;center&#8221; background_layout=&#8221;dark&#8221; custom_margin=&#8221;||15px|&#8221; custom_padding=&#8221;|||&#8221; animation_style=&#8221;fade&#8221; global_colors_info=&#8221;{}&#8221;]<\/p>\n<h2>Email<\/h2>\n<p>info@warsztatyceramiki.pl[\/et_pb_text][\/et_pb_column][\/et_pb_row][et_pb_row disabled_on=&#8221;off|off|off&#8221; admin_label=&#8221;Social Media&#8221; _builder_version=&#8221;4.16&#8243; custom_margin=&#8221;30px|||&#8221; global_colors_info=&#8221;{}&#8221;][et_pb_column type=&#8221;4_4&#8243; _builder_version=&#8221;4.16&#8243; custom_padding=&#8221;|||&#8221; global_colors_info=&#8221;{}&#8221; custom_padding__hover=&#8221;|||&#8221;][et_pb_social_media_follow _builder_version=&#8221;4.16&#8243; text_orientation=&#8221;center&#8221; global_colors_info=&#8221;{}&#8221;][et_pb_social_media_follow_network social_network=&#8221;facebook&#8221; url=&#8221;https:\/\/www.facebook.com\/warsztatyceramiki&#8221; _builder_version=&#8221;4.16&#8243; background_color=&#8221;#fdb467&#8243; custom_margin=&#8221;|8px||8px&#8221; custom_padding=&#8221;14px|14px|14px|14px&#8221; border_radii=&#8221;on|100px|100px|100px|100px&#8221; global_colors_info=&#8221;{}&#8221; follow_button=&#8221;off&#8221; url_new_window=&#8221;on&#8221;]facebook[\/et_pb_social_media_follow_network][et_pb_social_media_follow_network social_network=&#8221;instagram&#8221; url=&#8221;https:\/\/www.instagram.com\/ullala534\/&#8221; _builder_version=&#8221;4.16&#8243; background_color=&#8221;#fdb467&#8243; custom_margin=&#8221;|8px||8px&#8221; custom_padding=&#8221;14px|14px|14px|14px&#8221; border_radii=&#8221;on|100px|100px|100px|100px&#8221; global_colors_info=&#8221;{}&#8221; follow_button=&#8221;off&#8221; url_new_window=&#8221;on&#8221;]instagram[\/et_pb_social_media_follow_network][\/et_pb_social_media_follow][\/et_pb_column][\/et_pb_row][\/et_pb_section]<\/p>\n<span class=\"et_bloom_bottom_trigger\"><\/span>","protected":false},"excerpt":{"rendered":"<p>26.11.23 g. 16:00 Warsztaty tworzenia kosmetyk\u00f3w naturalnych JESIENNE OTULENIEWarsztaty tworzenia kosmetyk\u00f3w na bazie naturalnych sk\u0142adnik\u00f3w.Ambitny duet tw\u00f3rczych kobiet: Moniki &#8211; kosmetologa i Igi &#8211; technologa kosmetyk\u00f3w poprowadzi bardzo kobiece zaj\u0119cia zbudowane z solidnej dawki wiedzy na temat piel\u0119gnacji. Opowiedz\u0105 o tym co jest dobre dla sk\u00f3ry, ale te\u017c rozwiej\u0105 wszystkie mity na temat kosmetyk\u00f3w i [&hellip;]<\/p>\n","protected":false},"author":1,"featured_media":1905,"comment_status":"closed","ping_status":"closed","sticky":false,"template":"","format":"standard","meta":{"_et_pb_use_builder":"on","_et_pb_old_content":"","_et_gb_content_width":"","footnotes":""},"categories":[38],"tags":[133,131,111,132,134,94],"class_list":["post-1900","post","type-post","status-publish","format-standard","has-post-thumbnail","hentry","category-aktualnosci","tag-eco-trendy","tag-kosmetyki","tag-kosmetyki-naturalne","tag-natura","tag-tworzenie-kosmetykow","tag-warsztaty"],"yoast_head":"<!-- This site is optimized with the Yoast SEO plugin v26.5 - https:\/\/yoast.com\/wordpress\/plugins\/seo\/ -->\n<title>Warsztaty tworzenia kosmetyk\u00f3w naturalnych - Warsztaty Ceramiki<\/title>\n<meta name=\"description\" content=\"Stw\u00f3rz swoj\u0105 w\u0142asn\u0105 lini\u0119 kosmetyk\u00f3w naturalnych do jesiennej piel\u0119gnacji - Jesienne otulenie - prowadzi kosmetolog i technolog kosmetyk\u00f3w\" \/>\n<meta name=\"robots\" content=\"index, follow, max-snippet:-1, max-image-preview:large, max-video-preview:-1\" \/>\n<link rel=\"canonical\" href=\"https:\/\/warsztatyceramiki.pl\/index.php\/2023\/11\/05\/warsztaty-tworzenia-kosmetykow-naturalnych\/\" \/>\n<meta property=\"og:locale\" content=\"pl_PL\" \/>\n<meta property=\"og:type\" content=\"article\" \/>\n<meta property=\"og:title\" content=\"Warsztaty tworzenia kosmetyk\u00f3w naturalnych - Warsztaty Ceramiki\" \/>\n<meta property=\"og:description\" content=\"Stw\u00f3rz swoj\u0105 w\u0142asn\u0105 lini\u0119 kosmetyk\u00f3w naturalnych do jesiennej piel\u0119gnacji - Jesienne otulenie - prowadzi kosmetolog i technolog kosmetyk\u00f3w\" \/>\n<meta property=\"og:url\" content=\"https:\/\/warsztatyceramiki.pl\/index.php\/2023\/11\/05\/warsztaty-tworzenia-kosmetykow-naturalnych\/\" \/>\n<meta property=\"og:site_name\" content=\"Warsztaty Ceramiki\" \/>\n<meta property=\"article:published_time\" content=\"2023-11-05T19:40:03+00:00\" \/>\n<meta property=\"article:modified_time\" content=\"2023-11-05T21:41:25+00:00\" \/>\n<meta property=\"og:image\" content=\"https:\/\/warsztatyceramiki.pl\/wp-content\/uploads\/2023\/11\/pexels-karolina-grabowska-7321655-scaled-e1699213155365.jpg\" \/>\n\t<meta property=\"og:image:width\" content=\"900\" \/>\n\t<meta property=\"og:image:height\" content=\"600\" \/>\n\t<meta property=\"og:image:type\" content=\"image\/jpeg\" \/>\n<meta name=\"author\" content=\"Biuro\" \/>\n<meta name=\"twitter:card\" content=\"summary_large_image\" \/>\n<meta name=\"twitter:label1\" content=\"Napisane przez\" \/>\n\t<meta name=\"twitter:data1\" content=\"Biuro\" \/>\n\t<meta name=\"twitter:label2\" content=\"Szacowany czas czytania\" \/>\n\t<meta name=\"twitter:data2\" content=\"5 minut\" \/>\n<script type=\"application\/ld+json\" class=\"yoast-schema-graph\">{\"@context\":\"https:\/\/schema.org\",\"@graph\":[{\"@type\":\"WebPage\",\"@id\":\"https:\/\/warsztatyceramiki.pl\/index.php\/2023\/11\/05\/warsztaty-tworzenia-kosmetykow-naturalnych\/\",\"url\":\"https:\/\/warsztatyceramiki.pl\/index.php\/2023\/11\/05\/warsztaty-tworzenia-kosmetykow-naturalnych\/\",\"name\":\"Warsztaty tworzenia kosmetyk\u00f3w naturalnych - Warsztaty Ceramiki\",\"isPartOf\":{\"@id\":\"https:\/\/warsztatyceramiki.pl\/#website\"},\"primaryImageOfPage\":{\"@id\":\"https:\/\/warsztatyceramiki.pl\/index.php\/2023\/11\/05\/warsztaty-tworzenia-kosmetykow-naturalnych\/#primaryimage\"},\"image\":{\"@id\":\"https:\/\/warsztatyceramiki.pl\/index.php\/2023\/11\/05\/warsztaty-tworzenia-kosmetykow-naturalnych\/#primaryimage\"},\"thumbnailUrl\":\"https:\/\/warsztatyceramiki.pl\/wp-content\/uploads\/2023\/11\/pexels-karolina-grabowska-7321655-scaled-e1699213155365.jpg\",\"datePublished\":\"2023-11-05T19:40:03+00:00\",\"dateModified\":\"2023-11-05T21:41:25+00:00\",\"author\":{\"@id\":\"https:\/\/warsztatyceramiki.pl\/#\/schema\/person\/9bd5f3f18a61892ebf53481bacd04176\"},\"description\":\"Stw\u00f3rz swoj\u0105 w\u0142asn\u0105 lini\u0119 kosmetyk\u00f3w naturalnych do jesiennej piel\u0119gnacji - Jesienne otulenie - prowadzi kosmetolog i technolog kosmetyk\u00f3w\",\"breadcrumb\":{\"@id\":\"https:\/\/warsztatyceramiki.pl\/index.php\/2023\/11\/05\/warsztaty-tworzenia-kosmetykow-naturalnych\/#breadcrumb\"},\"inLanguage\":\"pl-PL\",\"potentialAction\":[{\"@type\":\"ReadAction\",\"target\":[\"https:\/\/warsztatyceramiki.pl\/index.php\/2023\/11\/05\/warsztaty-tworzenia-kosmetykow-naturalnych\/\"]}]},{\"@type\":\"ImageObject\",\"inLanguage\":\"pl-PL\",\"@id\":\"https:\/\/warsztatyceramiki.pl\/index.php\/2023\/11\/05\/warsztaty-tworzenia-kosmetykow-naturalnych\/#primaryimage\",\"url\":\"https:\/\/warsztatyceramiki.pl\/wp-content\/uploads\/2023\/11\/pexels-karolina-grabowska-7321655-scaled-e1699213155365.jpg\",\"contentUrl\":\"https:\/\/warsztatyceramiki.pl\/wp-content\/uploads\/2023\/11\/pexels-karolina-grabowska-7321655-scaled-e1699213155365.jpg\",\"width\":900,\"height\":600,\"caption\":\"warsztaty tworzenia kosmetyk\u00f3w naturalnych\"},{\"@type\":\"BreadcrumbList\",\"@id\":\"https:\/\/warsztatyceramiki.pl\/index.php\/2023\/11\/05\/warsztaty-tworzenia-kosmetykow-naturalnych\/#breadcrumb\",\"itemListElement\":[{\"@type\":\"ListItem\",\"position\":1,\"name\":\"Strona g\u0142\u00f3wna\",\"item\":\"https:\/\/warsztatyceramiki.pl\/\"},{\"@type\":\"ListItem\",\"position\":2,\"name\":\"Warsztaty tworzenia kosmetyk\u00f3w naturalnych\"}]},{\"@type\":\"WebSite\",\"@id\":\"https:\/\/warsztatyceramiki.pl\/#website\",\"url\":\"https:\/\/warsztatyceramiki.pl\/\",\"name\":\"Warsztaty Ceramiki\",\"description\":\"Ceramika\",\"potentialAction\":[{\"@type\":\"SearchAction\",\"target\":{\"@type\":\"EntryPoint\",\"urlTemplate\":\"https:\/\/warsztatyceramiki.pl\/?s={search_term_string}\"},\"query-input\":{\"@type\":\"PropertyValueSpecification\",\"valueRequired\":true,\"valueName\":\"search_term_string\"}}],\"inLanguage\":\"pl-PL\"},{\"@type\":\"Person\",\"@id\":\"https:\/\/warsztatyceramiki.pl\/#\/schema\/person\/9bd5f3f18a61892ebf53481bacd04176\",\"name\":\"Biuro\",\"image\":{\"@type\":\"ImageObject\",\"inLanguage\":\"pl-PL\",\"@id\":\"https:\/\/warsztatyceramiki.pl\/#\/schema\/person\/image\/\",\"url\":\"https:\/\/secure.gravatar.com\/avatar\/5c6e1713ca3cfa9b0f55e3bd293970e8f347479064d2905562b835457c4f9df4?s=96&d=mm&r=g\",\"contentUrl\":\"https:\/\/secure.gravatar.com\/avatar\/5c6e1713ca3cfa9b0f55e3bd293970e8f347479064d2905562b835457c4f9df4?s=96&d=mm&r=g\",\"caption\":\"Biuro\"},\"url\":\"https:\/\/warsztatyceramiki.pl\/index.php\/author\/42warsz897ceram945i\/\"}]}<\/script>\n<!-- \/ Yoast SEO plugin. -->","yoast_head_json":{"title":"Warsztaty tworzenia kosmetyk\u00f3w naturalnych - Warsztaty Ceramiki","description":"Stw\u00f3rz swoj\u0105 w\u0142asn\u0105 lini\u0119 kosmetyk\u00f3w naturalnych do jesiennej piel\u0119gnacji - Jesienne otulenie - prowadzi kosmetolog i technolog kosmetyk\u00f3w","robots":{"index":"index","follow":"follow","max-snippet":"max-snippet:-1","max-image-preview":"max-image-preview:large","max-video-preview":"max-video-preview:-1"},"canonical":"https:\/\/warsztatyceramiki.pl\/index.php\/2023\/11\/05\/warsztaty-tworzenia-kosmetykow-naturalnych\/","og_locale":"pl_PL","og_type":"article","og_title":"Warsztaty tworzenia kosmetyk\u00f3w naturalnych - Warsztaty Ceramiki","og_description":"Stw\u00f3rz swoj\u0105 w\u0142asn\u0105 lini\u0119 kosmetyk\u00f3w naturalnych do jesiennej piel\u0119gnacji - Jesienne otulenie - prowadzi kosmetolog i technolog kosmetyk\u00f3w","og_url":"https:\/\/warsztatyceramiki.pl\/index.php\/2023\/11\/05\/warsztaty-tworzenia-kosmetykow-naturalnych\/","og_site_name":"Warsztaty Ceramiki","article_published_time":"2023-11-05T19:40:03+00:00","article_modified_time":"2023-11-05T21:41:25+00:00","og_image":[{"width":900,"height":600,"url":"https:\/\/warsztatyceramiki.pl\/wp-content\/uploads\/2023\/11\/pexels-karolina-grabowska-7321655-scaled-e1699213155365.jpg","type":"image\/jpeg"}],"author":"Biuro","twitter_card":"summary_large_image","twitter_misc":{"Napisane przez":"Biuro","Szacowany czas czytania":"5 minut"},"schema":{"@context":"https:\/\/schema.org","@graph":[{"@type":"WebPage","@id":"https:\/\/warsztatyceramiki.pl\/index.php\/2023\/11\/05\/warsztaty-tworzenia-kosmetykow-naturalnych\/","url":"https:\/\/warsztatyceramiki.pl\/index.php\/2023\/11\/05\/warsztaty-tworzenia-kosmetykow-naturalnych\/","name":"Warsztaty tworzenia kosmetyk\u00f3w naturalnych - Warsztaty Ceramiki","isPartOf":{"@id":"https:\/\/warsztatyceramiki.pl\/#website"},"primaryImageOfPage":{"@id":"https:\/\/warsztatyceramiki.pl\/index.php\/2023\/11\/05\/warsztaty-tworzenia-kosmetykow-naturalnych\/#primaryimage"},"image":{"@id":"https:\/\/warsztatyceramiki.pl\/index.php\/2023\/11\/05\/warsztaty-tworzenia-kosmetykow-naturalnych\/#primaryimage"},"thumbnailUrl":"https:\/\/warsztatyceramiki.pl\/wp-content\/uploads\/2023\/11\/pexels-karolina-grabowska-7321655-scaled-e1699213155365.jpg","datePublished":"2023-11-05T19:40:03+00:00","dateModified":"2023-11-05T21:41:25+00:00","author":{"@id":"https:\/\/warsztatyceramiki.pl\/#\/schema\/person\/9bd5f3f18a61892ebf53481bacd04176"},"description":"Stw\u00f3rz swoj\u0105 w\u0142asn\u0105 lini\u0119 kosmetyk\u00f3w naturalnych do jesiennej piel\u0119gnacji - Jesienne otulenie - prowadzi kosmetolog i technolog kosmetyk\u00f3w","breadcrumb":{"@id":"https:\/\/warsztatyceramiki.pl\/index.php\/2023\/11\/05\/warsztaty-tworzenia-kosmetykow-naturalnych\/#breadcrumb"},"inLanguage":"pl-PL","potentialAction":[{"@type":"ReadAction","target":["https:\/\/warsztatyceramiki.pl\/index.php\/2023\/11\/05\/warsztaty-tworzenia-kosmetykow-naturalnych\/"]}]},{"@type":"ImageObject","inLanguage":"pl-PL","@id":"https:\/\/warsztatyceramiki.pl\/index.php\/2023\/11\/05\/warsztaty-tworzenia-kosmetykow-naturalnych\/#primaryimage","url":"https:\/\/warsztatyceramiki.pl\/wp-content\/uploads\/2023\/11\/pexels-karolina-grabowska-7321655-scaled-e1699213155365.jpg","contentUrl":"https:\/\/warsztatyceramiki.pl\/wp-content\/uploads\/2023\/11\/pexels-karolina-grabowska-7321655-scaled-e1699213155365.jpg","width":900,"height":600,"caption":"warsztaty tworzenia kosmetyk\u00f3w naturalnych"},{"@type":"BreadcrumbList","@id":"https:\/\/warsztatyceramiki.pl\/index.php\/2023\/11\/05\/warsztaty-tworzenia-kosmetykow-naturalnych\/#breadcrumb","itemListElement":[{"@type":"ListItem","position":1,"name":"Strona g\u0142\u00f3wna","item":"https:\/\/warsztatyceramiki.pl\/"},{"@type":"ListItem","position":2,"name":"Warsztaty tworzenia kosmetyk\u00f3w naturalnych"}]},{"@type":"WebSite","@id":"https:\/\/warsztatyceramiki.pl\/#website","url":"https:\/\/warsztatyceramiki.pl\/","name":"Warsztaty Ceramiki","description":"Ceramika","potentialAction":[{"@type":"SearchAction","target":{"@type":"EntryPoint","urlTemplate":"https:\/\/warsztatyceramiki.pl\/?s={search_term_string}"},"query-input":{"@type":"PropertyValueSpecification","valueRequired":true,"valueName":"search_term_string"}}],"inLanguage":"pl-PL"},{"@type":"Person","@id":"https:\/\/warsztatyceramiki.pl\/#\/schema\/person\/9bd5f3f18a61892ebf53481bacd04176","name":"Biuro","image":{"@type":"ImageObject","inLanguage":"pl-PL","@id":"https:\/\/warsztatyceramiki.pl\/#\/schema\/person\/image\/","url":"https:\/\/secure.gravatar.com\/avatar\/5c6e1713ca3cfa9b0f55e3bd293970e8f347479064d2905562b835457c4f9df4?s=96&d=mm&r=g","contentUrl":"https:\/\/secure.gravatar.com\/avatar\/5c6e1713ca3cfa9b0f55e3bd293970e8f347479064d2905562b835457c4f9df4?s=96&d=mm&r=g","caption":"Biuro"},"url":"https:\/\/warsztatyceramiki.pl\/index.php\/author\/42warsz897ceram945i\/"}]}},"_links":{"self":[{"href":"https:\/\/warsztatyceramiki.pl\/index.php\/wp-json\/wp\/v2\/posts\/1900","targetHints":{"allow":["GET"]}}],"collection":[{"href":"https:\/\/warsztatyceramiki.pl\/index.php\/wp-json\/wp\/v2\/posts"}],"about":[{"href":"https:\/\/warsztatyceramiki.pl\/index.php\/wp-json\/wp\/v2\/types\/post"}],"author":[{"embeddable":true,"href":"https:\/\/warsztatyceramiki.pl\/index.php\/wp-json\/wp\/v2\/users\/1"}],"replies":[{"embeddable":true,"href":"https:\/\/warsztatyceramiki.pl\/index.php\/wp-json\/wp\/v2\/comments?post=1900"}],"version-history":[{"count":5,"href":"https:\/\/warsztatyceramiki.pl\/index.php\/wp-json\/wp\/v2\/posts\/1900\/revisions"}],"predecessor-version":[{"id":1929,"href":"https:\/\/warsztatyceramiki.pl\/index.php\/wp-json\/wp\/v2\/posts\/1900\/revisions\/1929"}],"wp:featuredmedia":[{"embeddable":true,"href":"https:\/\/warsztatyceramiki.pl\/index.php\/wp-json\/wp\/v2\/media\/1905"}],"wp:attachment":[{"href":"https:\/\/warsztatyceramiki.pl\/index.php\/wp-json\/wp\/v2\/media?parent=1900"}],"wp:term":[{"taxonomy":"category","embeddable":true,"href":"https:\/\/warsztatyceramiki.pl\/index.php\/wp-json\/wp\/v2\/categories?post=1900"},{"taxonomy":"post_tag","embeddable":true,"href":"https:\/\/warsztatyceramiki.pl\/index.php\/wp-json\/wp\/v2\/tags?post=1900"}],"curies":[{"name":"wp","href":"https:\/\/api.w.org\/{rel}","templated":true}]}}