{"id":1920,"date":"2023-11-05T21:52:26","date_gmt":"2023-11-05T20:52:26","guid":{"rendered":"https:\/\/warsztatyceramiki.pl\/?p=1920"},"modified":"2023-11-05T21:52:28","modified_gmt":"2023-11-05T20:52:28","slug":"warsztaty-specjalne-listopad","status":"publish","type":"post","link":"https:\/\/warsztatyceramiki.pl\/index.php\/2023\/11\/05\/warsztaty-specjalne-listopad\/","title":{"rendered":"Warsztaty specjalne &#8211; listopad"},"content":{"rendered":"\n[et_pb_section fb_built=&#8221;1&#8243; admin_label=&#8221;Class Details Section&#8221; _builder_version=&#8221;4.16&#8243; background_color=&#8221;#efe9e4&#8243; custom_margin=&#8221;-9px|||||&#8221; custom_padding=&#8221;89px||90px|||&#8221; global_colors_info=&#8221;{}&#8221; theme_builder_area=&#8221;post_content&#8221;][et_pb_row admin_label=&#8221;Class Details Area&#8221; _builder_version=&#8221;4.16&#8243; custom_padding=&#8221;12px|0px|12px|0px|true|&#8221; global_colors_info=&#8221;{}&#8221; theme_builder_area=&#8221;post_content&#8221;][et_pb_column type=&#8221;4_4&#8243; _builder_version=&#8221;4.16&#8243; custom_padding=&#8221;|||&#8221; global_colors_info=&#8221;{}&#8221; custom_padding__hover=&#8221;|||&#8221; theme_builder_area=&#8221;post_content&#8221;][et_pb_text admin_label=&#8221;Title&#8221; _builder_version=&#8221;4.20.2&#8243; text_font=&#8221;||||||||&#8221; header_font=&#8221;||||||||&#8221; header_2_font=&#8221;Poppins|600|||||||&#8221; header_2_text_align=&#8221;center&#8221; header_2_font_size=&#8221;36px&#8221; header_2_line_height=&#8221;1.2em&#8221; custom_margin=&#8221;||0px|&#8221; custom_padding=&#8221;|||&#8221; animation_style=&#8221;fade&#8221; global_colors_info=&#8221;{}&#8221; theme_builder_area=&#8221;post_content&#8221;]<h2>Jesienne otulenie<\/h2>[\/et_pb_text][et_pb_divider color=&#8221;#fdb467&#8243; divider_position=&#8221;center&#8221; divider_weight=&#8221;3px&#8221; _builder_version=&#8221;4.16&#8243; max_width=&#8221;50px&#8221; module_alignment=&#8221;center&#8221; animation_style=&#8221;slide&#8221; animation_direction=&#8221;top&#8221; animation_intensity_slide=&#8221;10%&#8221; animation_starting_opacity=&#8221;100%&#8221; global_colors_info=&#8221;{}&#8221; theme_builder_area=&#8221;post_content&#8221;][\/et_pb_divider][\/et_pb_column][\/et_pb_row][et_pb_row admin_label=&#8221;Course Overview Area &#8221; _builder_version=&#8221;4.16&#8243; custom_margin=&#8221;|||&#8221; custom_padding=&#8221;11px||18px|||&#8221; global_colors_info=&#8221;{}&#8221; theme_builder_area=&#8221;post_content&#8221;][et_pb_column type=&#8221;4_4&#8243; _builder_version=&#8221;4.16&#8243; custom_padding=&#8221;|||&#8221; global_colors_info=&#8221;{}&#8221; custom_padding__hover=&#8221;|||&#8221; theme_builder_area=&#8221;post_content&#8221;][et_pb_text _builder_version=&#8221;4.22.1&#8243; text_font=&#8221;Poppins||||||||&#8221; text_font_size=&#8221;18px&#8221; text_line_height=&#8221;1.8em&#8221; header_font=&#8221;||||||||&#8221; header_3_font=&#8221;||||||||&#8221; custom_padding=&#8221;||0px|||&#8221; animation_style=&#8221;fade&#8221; global_colors_info=&#8221;{}&#8221; theme_builder_area=&#8221;post_content&#8221;]<p style=\"text-align: justify;\">W listopadzie stworzyli\u015bmy ofert\u0119 warsztat\u00f3w dodatkowych, kt\u00f3re otul\u0105 wasze zmys\u0142y. Warsztaty kosmetyk\u00f3w naturalnych i zaraz po nich warsztaty tworzenia \u015bwiec to nasza alternatywa wieczoru Andrzejkowego. B\u0119dzie mi\u0142o, otulaj\u0105co i pachn\u0105co.<\/p>\n<p style=\"text-align: justify;\">Mamy te\u017c <strong>promocj\u0119 na podw\u00f3jn\u0105 lekcj\u0119 toczenia na kole garncarskim.<\/strong> Mo\u017cesz wykorzysta\u0107 je dla 1 lub 2 os\u00f3b. <a href=\"https:\/\/warsztatyceramiki.pl\/index.php\/2023\/11\/05\/karnet-na-dwie-lekcje-toczenia-na-kole\/\">Czytaj wi\u0119cej<\/a><\/p>\n<p>Tradycyjnie te\u017c zbieramy grup\u0119 na prace z glin\u0105 kamionkow\u0105.<\/p>\n<p>Dowiedz si\u0119 wi\u0119cej i zam\u00f3w miejsce na warsztaty korzystaj\u0105c z formularza.<\/p>\n<p><strong>15.11.23 i 29.11.23 godz 17:00<\/strong><span>\u00a0<\/span>Naczynia z kamionki<br \/><a href=\"https:\/\/warsztatyceramiki.pl\/index.php\/2023\/09\/04\/naczynia-z-kamionki\/\">dowiedz si\u0119 wi\u0119cej<\/a><\/p>\n<p><strong>26.11.23 godz 16:00<\/strong><span> Warsztaty tworzenia kosmetyk\u00f3w naturalnych<\/span><br \/><a href=\"https:\/\/warsztatyceramiki.pl\/index.php\/2023\/11\/05\/warsztaty-tworzenia-kosmetykow-naturalnych\/\">dowiedz si\u0119 wi\u0119cej<\/a><\/p>\n<p><strong>26.11.23 godz 18:00 <\/strong>Warsztaty tworzenia \u015bwiec naturalnych<br \/><a href=\"https:\/\/warsztatyceramiki.pl\/index.php\/2023\/11\/05\/swiece-naturalne-warsztaty\/\">dowiedz si\u0119 wi\u0119cej<\/a><\/p>[\/et_pb_text][\/et_pb_column][\/et_pb_row][\/et_pb_section][et_pb_section fb_built=&#8221;1&#8243; admin_label=&#8221;Divider Section&#8221; _builder_version=&#8221;4.16&#8243; background_color=&#8221;#1e1d1c&#8221; custom_padding=&#8221;0px||0px|&#8221; global_colors_info=&#8221;{}&#8221; theme_builder_area=&#8221;post_content&#8221;][et_pb_row admin_label=&#8221;Divider Area&#8221; _builder_version=&#8221;4.16&#8243; custom_padding=&#8221;0px||0px|&#8221; global_colors_info=&#8221;{}&#8221; theme_builder_area=&#8221;post_content&#8221;][et_pb_column type=&#8221;4_4&#8243; _builder_version=&#8221;4.16&#8243; custom_padding=&#8221;|||&#8221; global_colors_info=&#8221;{}&#8221; custom_padding__hover=&#8221;|||&#8221; theme_builder_area=&#8221;post_content&#8221;][et_pb_divider color=&#8221;rgba(255,255,255,0.12)&#8221; divider_position=&#8221;center&#8221; _builder_version=&#8221;4.16&#8243; global_colors_info=&#8221;{}&#8221; theme_builder_area=&#8221;post_content&#8221;][\/et_pb_divider][\/et_pb_column][\/et_pb_row][\/et_pb_section][et_pb_section fb_built=&#8221;1&#8243; admin_label=&#8221;Footer Section&#8221; _builder_version=&#8221;4.16&#8243; background_color=&#8221;#1e1d1c&#8221; custom_padding=&#8221;90px||0px|||&#8221; global_colors_info=&#8221;{}&#8221; theme_builder_area=&#8221;post_content&#8221;][et_pb_row column_structure=&#8221;1_3,1_3,1_3&#8243; admin_label=&#8221;Footer Area&#8221; _builder_version=&#8221;4.16&#8243; global_colors_info=&#8221;{}&#8221; theme_builder_area=&#8221;post_content&#8221;][et_pb_column type=&#8221;1_3&#8243; _builder_version=&#8221;4.16&#8243; custom_padding=&#8221;|||&#8221; global_colors_info=&#8221;{}&#8221; custom_padding__hover=&#8221;|||&#8221; theme_builder_area=&#8221;post_content&#8221;][et_pb_text ul_type=&#8221;none&#8221; admin_label=&#8221;Title&#8221; _builder_version=&#8221;4.16&#8243; text_font=&#8221;Poppins||||||||&#8221; text_text_color=&#8221;rgba(255,255,255,0.7)&#8221; text_font_size=&#8221;16px&#8221; text_line_height=&#8221;1.8em&#8221; ul_font=&#8221;Poppins||||||||&#8221; ul_text_align=&#8221;center&#8221; header_font=&#8221;||||||||&#8221; header_2_font=&#8221;Poppins||||||||&#8221; header_2_text_align=&#8221;center&#8221; header_2_font_size=&#8221;24px&#8221; header_2_line_height=&#8221;1.4em&#8221; text_orientation=&#8221;center&#8221; background_layout=&#8221;dark&#8221; custom_margin=&#8221;||15px|&#8221; custom_padding=&#8221;|||&#8221; animation_style=&#8221;fade&#8221; global_colors_info=&#8221;{}&#8221; theme_builder_area=&#8221;post_content&#8221;]<h2>Adres<\/h2>\nul. Szpitalna 1\n\u0141\u00f3d\u017a widzew[\/et_pb_text][\/et_pb_column][et_pb_column type=&#8221;1_3&#8243; _builder_version=&#8221;4.16&#8243; custom_padding=&#8221;|||&#8221; global_colors_info=&#8221;{}&#8221; custom_padding__hover=&#8221;|||&#8221; theme_builder_area=&#8221;post_content&#8221;][et_pb_text ul_type=&#8221;none&#8221; admin_label=&#8221;Title&#8221; _builder_version=&#8221;4.21.0&#8243; text_font=&#8221;Poppins||||||||&#8221; text_text_color=&#8221;rgba(255,255,255,0.7)&#8221; text_font_size=&#8221;16px&#8221; text_line_height=&#8221;1.8em&#8221; ul_font=&#8221;Poppins||||||||&#8221; ul_text_align=&#8221;center&#8221; header_font=&#8221;||||||||&#8221; header_2_font=&#8221;Poppins||||||||&#8221; header_2_text_align=&#8221;center&#8221; header_2_font_size=&#8221;24px&#8221; header_2_line_height=&#8221;1.4em&#8221; text_orientation=&#8221;center&#8221; background_layout=&#8221;dark&#8221; custom_margin=&#8221;||15px|&#8221; custom_padding=&#8221;|||&#8221; animation_style=&#8221;fade&#8221; global_colors_info=&#8221;{}&#8221; theme_builder_area=&#8221;post_content&#8221;]<h2>Telefon<\/h2>\n<p>\u00a0518 000 590<\/p>[\/et_pb_text][\/et_pb_column][et_pb_column type=&#8221;1_3&#8243; _builder_version=&#8221;4.16&#8243; custom_padding=&#8221;|||&#8221; global_colors_info=&#8221;{}&#8221; custom_padding__hover=&#8221;|||&#8221; theme_builder_area=&#8221;post_content&#8221;][et_pb_text ul_type=&#8221;none&#8221; admin_label=&#8221;Title&#8221; _builder_version=&#8221;4.16&#8243; text_font=&#8221;Poppins||||||||&#8221; text_text_color=&#8221;rgba(255,255,255,0.7)&#8221; text_font_size=&#8221;16px&#8221; text_line_height=&#8221;1.8em&#8221; ul_font=&#8221;Poppins||||||||&#8221; ul_text_align=&#8221;center&#8221; header_font=&#8221;||||||||&#8221; header_2_font=&#8221;Poppins||||||||&#8221; header_2_text_align=&#8221;center&#8221; header_2_font_size=&#8221;24px&#8221; header_2_line_height=&#8221;1.4em&#8221; text_orientation=&#8221;center&#8221; background_layout=&#8221;dark&#8221; custom_margin=&#8221;||15px|&#8221; custom_padding=&#8221;|||&#8221; animation_style=&#8221;fade&#8221; global_colors_info=&#8221;{}&#8221; theme_builder_area=&#8221;post_content&#8221;]<h2>Email<\/h2>\ninfo@warsztatyceramiki.pl[\/et_pb_text][\/et_pb_column][\/et_pb_row][et_pb_row disabled_on=&#8221;off|off|off&#8221; admin_label=&#8221;Social Media&#8221; _builder_version=&#8221;4.16&#8243; custom_margin=&#8221;30px|||&#8221; global_colors_info=&#8221;{}&#8221; theme_builder_area=&#8221;post_content&#8221;][et_pb_column type=&#8221;4_4&#8243; _builder_version=&#8221;4.16&#8243; custom_padding=&#8221;|||&#8221; global_colors_info=&#8221;{}&#8221; custom_padding__hover=&#8221;|||&#8221; theme_builder_area=&#8221;post_content&#8221;][et_pb_social_media_follow _builder_version=&#8221;4.16&#8243; text_orientation=&#8221;center&#8221; global_colors_info=&#8221;{}&#8221; theme_builder_area=&#8221;post_content&#8221;][et_pb_social_media_follow_network social_network=&#8221;facebook&#8221; url=&#8221;https:\/\/www.facebook.com\/warsztatyceramiki&#8221; _builder_version=&#8221;4.16&#8243; background_color=&#8221;#fdb467&#8243; custom_margin=&#8221;|8px||8px&#8221; custom_padding=&#8221;14px|14px|14px|14px&#8221; border_radii=&#8221;on|100px|100px|100px|100px&#8221; global_colors_info=&#8221;{}&#8221; theme_builder_area=&#8221;post_content&#8221; follow_button=&#8221;off&#8221; url_new_window=&#8221;on&#8221;]facebook[\/et_pb_social_media_follow_network][et_pb_social_media_follow_network social_network=&#8221;instagram&#8221; url=&#8221;https:\/\/www.instagram.com\/ullala534\/&#8221; _builder_version=&#8221;4.16&#8243; background_color=&#8221;#fdb467&#8243; custom_margin=&#8221;|8px||8px&#8221; custom_padding=&#8221;14px|14px|14px|14px&#8221; border_radii=&#8221;on|100px|100px|100px|100px&#8221; global_colors_info=&#8221;{}&#8221; theme_builder_area=&#8221;post_content&#8221; follow_button=&#8221;off&#8221; url_new_window=&#8221;on&#8221;]instagram[\/et_pb_social_media_follow_network][\/et_pb_social_media_follow][\/et_pb_column][\/et_pb_row][\/et_pb_section]\n<span class=\"et_bloom_bottom_trigger\"><\/span>","protected":false},"excerpt":{"rendered":"<p>Jesienne otulenieW listopadzie stworzyli\u015bmy ofert\u0119 warsztat\u00f3w dodatkowych, kt\u00f3re otul\u0105 wasze zmys\u0142y. Warsztaty kosmetyk\u00f3w naturalnych i zaraz po nich warsztaty tworzenia \u015bwiec to nasza alternatywa wieczoru Andrzejkowego. B\u0119dzie mi\u0142o, otulaj\u0105co i pachn\u0105co. Mamy te\u017c promocj\u0119 na podw\u00f3jn\u0105 lekcj\u0119 toczenia na kole garncarskim. Mo\u017cesz wykorzysta\u0107 je dla 1 lub 2 os\u00f3b. Czytaj wi\u0119cej Tradycyjnie te\u017c zbieramy grup\u0119 [&hellip;]<\/p>\n","protected":false},"author":1,"featured_media":1925,"comment_status":"closed","ping_status":"closed","sticky":false,"template":"","format":"standard","meta":{"_et_pb_use_builder":"on","_et_pb_old_content":"","_et_gb_content_width":"","footnotes":""},"categories":[38],"tags":[74,138,94,142,140,143,139],"class_list":["post-1920","post","type-post","status-publish","format-standard","has-post-thumbnail","hentry","category-aktualnosci","tag-dla-przyjaciol","tag-jesienne-otulenie","tag-warsztaty","tag-warsztaty-ceramiczne-lodz","tag-warsztaty-dla-doroslych-lodz","tag-warsztaty-dla-par-lodz","tag-warsztaty-specjalne"],"yoast_head":"<!-- This site is optimized with the Yoast SEO plugin v26.5 - https:\/\/yoast.com\/wordpress\/plugins\/seo\/ -->\n<title>Warsztaty specjalne - listopad - Warsztaty Ceramiki<\/title>\n<meta name=\"description\" content=\"Propozycja na jesienne otulenie zapachami i atmosfer\u0105 kreatywnego relaksu. Dbaj o siebie :) Odpocznij i otul si\u0119!\" \/>\n<meta name=\"robots\" content=\"index, follow, max-snippet:-1, max-image-preview:large, max-video-preview:-1\" \/>\n<link rel=\"canonical\" href=\"https:\/\/warsztatyceramiki.pl\/index.php\/2023\/11\/05\/warsztaty-specjalne-listopad\/\" \/>\n<meta property=\"og:locale\" content=\"pl_PL\" \/>\n<meta property=\"og:type\" content=\"article\" \/>\n<meta property=\"og:title\" content=\"Warsztaty specjalne - listopad - Warsztaty Ceramiki\" \/>\n<meta property=\"og:description\" content=\"Propozycja na jesienne otulenie zapachami i atmosfer\u0105 kreatywnego relaksu. Dbaj o siebie :) Odpocznij i otul si\u0119!\" \/>\n<meta property=\"og:url\" content=\"https:\/\/warsztatyceramiki.pl\/index.php\/2023\/11\/05\/warsztaty-specjalne-listopad\/\" \/>\n<meta property=\"og:site_name\" content=\"Warsztaty Ceramiki\" \/>\n<meta property=\"article:published_time\" content=\"2023-11-05T20:52:26+00:00\" \/>\n<meta property=\"article:modified_time\" content=\"2023-11-05T20:52:28+00:00\" \/>\n<meta property=\"og:image\" content=\"https:\/\/warsztatyceramiki.pl\/wp-content\/uploads\/2023\/11\/\u201eGory-wzywaja-wiec-musze-isc.-John-Muir-2.png\" \/>\n\t<meta property=\"og:image:width\" content=\"1080\" \/>\n\t<meta property=\"og:image:height\" content=\"1080\" \/>\n\t<meta property=\"og:image:type\" content=\"image\/png\" \/>\n<meta name=\"author\" content=\"Biuro\" \/>\n<meta name=\"twitter:card\" content=\"summary_large_image\" \/>\n<meta name=\"twitter:label1\" content=\"Napisane przez\" \/>\n\t<meta name=\"twitter:data1\" content=\"Biuro\" \/>\n\t<meta name=\"twitter:label2\" content=\"Szacowany czas czytania\" \/>\n\t<meta name=\"twitter:data2\" content=\"3 minuty\" \/>\n<script type=\"application\/ld+json\" class=\"yoast-schema-graph\">{\"@context\":\"https:\/\/schema.org\",\"@graph\":[{\"@type\":\"WebPage\",\"@id\":\"https:\/\/warsztatyceramiki.pl\/index.php\/2023\/11\/05\/warsztaty-specjalne-listopad\/\",\"url\":\"https:\/\/warsztatyceramiki.pl\/index.php\/2023\/11\/05\/warsztaty-specjalne-listopad\/\",\"name\":\"Warsztaty specjalne - listopad - Warsztaty Ceramiki\",\"isPartOf\":{\"@id\":\"https:\/\/warsztatyceramiki.pl\/#website\"},\"primaryImageOfPage\":{\"@id\":\"https:\/\/warsztatyceramiki.pl\/index.php\/2023\/11\/05\/warsztaty-specjalne-listopad\/#primaryimage\"},\"image\":{\"@id\":\"https:\/\/warsztatyceramiki.pl\/index.php\/2023\/11\/05\/warsztaty-specjalne-listopad\/#primaryimage\"},\"thumbnailUrl\":\"https:\/\/warsztatyceramiki.pl\/wp-content\/uploads\/2023\/11\/\u201eGory-wzywaja-wiec-musze-isc.-John-Muir-2.png\",\"datePublished\":\"2023-11-05T20:52:26+00:00\",\"dateModified\":\"2023-11-05T20:52:28+00:00\",\"author\":{\"@id\":\"https:\/\/warsztatyceramiki.pl\/#\/schema\/person\/9bd5f3f18a61892ebf53481bacd04176\"},\"description\":\"Propozycja na jesienne otulenie zapachami i atmosfer\u0105 kreatywnego relaksu. Dbaj o siebie :) Odpocznij i otul si\u0119!\",\"breadcrumb\":{\"@id\":\"https:\/\/warsztatyceramiki.pl\/index.php\/2023\/11\/05\/warsztaty-specjalne-listopad\/#breadcrumb\"},\"inLanguage\":\"pl-PL\",\"potentialAction\":[{\"@type\":\"ReadAction\",\"target\":[\"https:\/\/warsztatyceramiki.pl\/index.php\/2023\/11\/05\/warsztaty-specjalne-listopad\/\"]}]},{\"@type\":\"ImageObject\",\"inLanguage\":\"pl-PL\",\"@id\":\"https:\/\/warsztatyceramiki.pl\/index.php\/2023\/11\/05\/warsztaty-specjalne-listopad\/#primaryimage\",\"url\":\"https:\/\/warsztatyceramiki.pl\/wp-content\/uploads\/2023\/11\/\u201eGory-wzywaja-wiec-musze-isc.-John-Muir-2.png\",\"contentUrl\":\"https:\/\/warsztatyceramiki.pl\/wp-content\/uploads\/2023\/11\/\u201eGory-wzywaja-wiec-musze-isc.-John-Muir-2.png\",\"width\":1080,\"height\":1080,\"caption\":\"jesienne otulenie warsztaty dla doros\u0142ych \u0142\u00f3d\u017a\"},{\"@type\":\"BreadcrumbList\",\"@id\":\"https:\/\/warsztatyceramiki.pl\/index.php\/2023\/11\/05\/warsztaty-specjalne-listopad\/#breadcrumb\",\"itemListElement\":[{\"@type\":\"ListItem\",\"position\":1,\"name\":\"Strona g\u0142\u00f3wna\",\"item\":\"https:\/\/warsztatyceramiki.pl\/\"},{\"@type\":\"ListItem\",\"position\":2,\"name\":\"Warsztaty specjalne &#8211; listopad\"}]},{\"@type\":\"WebSite\",\"@id\":\"https:\/\/warsztatyceramiki.pl\/#website\",\"url\":\"https:\/\/warsztatyceramiki.pl\/\",\"name\":\"Warsztaty Ceramiki\",\"description\":\"Ceramika\",\"potentialAction\":[{\"@type\":\"SearchAction\",\"target\":{\"@type\":\"EntryPoint\",\"urlTemplate\":\"https:\/\/warsztatyceramiki.pl\/?s={search_term_string}\"},\"query-input\":{\"@type\":\"PropertyValueSpecification\",\"valueRequired\":true,\"valueName\":\"search_term_string\"}}],\"inLanguage\":\"pl-PL\"},{\"@type\":\"Person\",\"@id\":\"https:\/\/warsztatyceramiki.pl\/#\/schema\/person\/9bd5f3f18a61892ebf53481bacd04176\",\"name\":\"Biuro\",\"image\":{\"@type\":\"ImageObject\",\"inLanguage\":\"pl-PL\",\"@id\":\"https:\/\/warsztatyceramiki.pl\/#\/schema\/person\/image\/\",\"url\":\"https:\/\/secure.gravatar.com\/avatar\/5c6e1713ca3cfa9b0f55e3bd293970e8f347479064d2905562b835457c4f9df4?s=96&d=mm&r=g\",\"contentUrl\":\"https:\/\/secure.gravatar.com\/avatar\/5c6e1713ca3cfa9b0f55e3bd293970e8f347479064d2905562b835457c4f9df4?s=96&d=mm&r=g\",\"caption\":\"Biuro\"},\"url\":\"https:\/\/warsztatyceramiki.pl\/index.php\/author\/42warsz897ceram945i\/\"}]}<\/script>\n<!-- \/ Yoast SEO plugin. -->","yoast_head_json":{"title":"Warsztaty specjalne - listopad - Warsztaty Ceramiki","description":"Propozycja na jesienne otulenie zapachami i atmosfer\u0105 kreatywnego relaksu. Dbaj o siebie :) Odpocznij i otul si\u0119!","robots":{"index":"index","follow":"follow","max-snippet":"max-snippet:-1","max-image-preview":"max-image-preview:large","max-video-preview":"max-video-preview:-1"},"canonical":"https:\/\/warsztatyceramiki.pl\/index.php\/2023\/11\/05\/warsztaty-specjalne-listopad\/","og_locale":"pl_PL","og_type":"article","og_title":"Warsztaty specjalne - listopad - Warsztaty Ceramiki","og_description":"Propozycja na jesienne otulenie zapachami i atmosfer\u0105 kreatywnego relaksu. Dbaj o siebie :) Odpocznij i otul si\u0119!","og_url":"https:\/\/warsztatyceramiki.pl\/index.php\/2023\/11\/05\/warsztaty-specjalne-listopad\/","og_site_name":"Warsztaty Ceramiki","article_published_time":"2023-11-05T20:52:26+00:00","article_modified_time":"2023-11-05T20:52:28+00:00","og_image":[{"width":1080,"height":1080,"url":"https:\/\/warsztatyceramiki.pl\/wp-content\/uploads\/2023\/11\/\u201eGory-wzywaja-wiec-musze-isc.-John-Muir-2.png","type":"image\/png"}],"author":"Biuro","twitter_card":"summary_large_image","twitter_misc":{"Napisane przez":"Biuro","Szacowany czas czytania":"3 minuty"},"schema":{"@context":"https:\/\/schema.org","@graph":[{"@type":"WebPage","@id":"https:\/\/warsztatyceramiki.pl\/index.php\/2023\/11\/05\/warsztaty-specjalne-listopad\/","url":"https:\/\/warsztatyceramiki.pl\/index.php\/2023\/11\/05\/warsztaty-specjalne-listopad\/","name":"Warsztaty specjalne - listopad - Warsztaty Ceramiki","isPartOf":{"@id":"https:\/\/warsztatyceramiki.pl\/#website"},"primaryImageOfPage":{"@id":"https:\/\/warsztatyceramiki.pl\/index.php\/2023\/11\/05\/warsztaty-specjalne-listopad\/#primaryimage"},"image":{"@id":"https:\/\/warsztatyceramiki.pl\/index.php\/2023\/11\/05\/warsztaty-specjalne-listopad\/#primaryimage"},"thumbnailUrl":"https:\/\/warsztatyceramiki.pl\/wp-content\/uploads\/2023\/11\/\u201eGory-wzywaja-wiec-musze-isc.-John-Muir-2.png","datePublished":"2023-11-05T20:52:26+00:00","dateModified":"2023-11-05T20:52:28+00:00","author":{"@id":"https:\/\/warsztatyceramiki.pl\/#\/schema\/person\/9bd5f3f18a61892ebf53481bacd04176"},"description":"Propozycja na jesienne otulenie zapachami i atmosfer\u0105 kreatywnego relaksu. Dbaj o siebie :) Odpocznij i otul si\u0119!","breadcrumb":{"@id":"https:\/\/warsztatyceramiki.pl\/index.php\/2023\/11\/05\/warsztaty-specjalne-listopad\/#breadcrumb"},"inLanguage":"pl-PL","potentialAction":[{"@type":"ReadAction","target":["https:\/\/warsztatyceramiki.pl\/index.php\/2023\/11\/05\/warsztaty-specjalne-listopad\/"]}]},{"@type":"ImageObject","inLanguage":"pl-PL","@id":"https:\/\/warsztatyceramiki.pl\/index.php\/2023\/11\/05\/warsztaty-specjalne-listopad\/#primaryimage","url":"https:\/\/warsztatyceramiki.pl\/wp-content\/uploads\/2023\/11\/\u201eGory-wzywaja-wiec-musze-isc.-John-Muir-2.png","contentUrl":"https:\/\/warsztatyceramiki.pl\/wp-content\/uploads\/2023\/11\/\u201eGory-wzywaja-wiec-musze-isc.-John-Muir-2.png","width":1080,"height":1080,"caption":"jesienne otulenie warsztaty dla doros\u0142ych \u0142\u00f3d\u017a"},{"@type":"BreadcrumbList","@id":"https:\/\/warsztatyceramiki.pl\/index.php\/2023\/11\/05\/warsztaty-specjalne-listopad\/#breadcrumb","itemListElement":[{"@type":"ListItem","position":1,"name":"Strona g\u0142\u00f3wna","item":"https:\/\/warsztatyceramiki.pl\/"},{"@type":"ListItem","position":2,"name":"Warsztaty specjalne &#8211; listopad"}]},{"@type":"WebSite","@id":"https:\/\/warsztatyceramiki.pl\/#website","url":"https:\/\/warsztatyceramiki.pl\/","name":"Warsztaty Ceramiki","description":"Ceramika","potentialAction":[{"@type":"SearchAction","target":{"@type":"EntryPoint","urlTemplate":"https:\/\/warsztatyceramiki.pl\/?s={search_term_string}"},"query-input":{"@type":"PropertyValueSpecification","valueRequired":true,"valueName":"search_term_string"}}],"inLanguage":"pl-PL"},{"@type":"Person","@id":"https:\/\/warsztatyceramiki.pl\/#\/schema\/person\/9bd5f3f18a61892ebf53481bacd04176","name":"Biuro","image":{"@type":"ImageObject","inLanguage":"pl-PL","@id":"https:\/\/warsztatyceramiki.pl\/#\/schema\/person\/image\/","url":"https:\/\/secure.gravatar.com\/avatar\/5c6e1713ca3cfa9b0f55e3bd293970e8f347479064d2905562b835457c4f9df4?s=96&d=mm&r=g","contentUrl":"https:\/\/secure.gravatar.com\/avatar\/5c6e1713ca3cfa9b0f55e3bd293970e8f347479064d2905562b835457c4f9df4?s=96&d=mm&r=g","caption":"Biuro"},"url":"https:\/\/warsztatyceramiki.pl\/index.php\/author\/42warsz897ceram945i\/"}]}},"_links":{"self":[{"href":"https:\/\/warsztatyceramiki.pl\/index.php\/wp-json\/wp\/v2\/posts\/1920","targetHints":{"allow":["GET"]}}],"collection":[{"href":"https:\/\/warsztatyceramiki.pl\/index.php\/wp-json\/wp\/v2\/posts"}],"about":[{"href":"https:\/\/warsztatyceramiki.pl\/index.php\/wp-json\/wp\/v2\/types\/post"}],"author":[{"embeddable":true,"href":"https:\/\/warsztatyceramiki.pl\/index.php\/wp-json\/wp\/v2\/users\/1"}],"replies":[{"embeddable":true,"href":"https:\/\/warsztatyceramiki.pl\/index.php\/wp-json\/wp\/v2\/comments?post=1920"}],"version-history":[{"count":4,"href":"https:\/\/warsztatyceramiki.pl\/index.php\/wp-json\/wp\/v2\/posts\/1920\/revisions"}],"predecessor-version":[{"id":1926,"href":"https:\/\/warsztatyceramiki.pl\/index.php\/wp-json\/wp\/v2\/posts\/1920\/revisions\/1926"}],"wp:featuredmedia":[{"embeddable":true,"href":"https:\/\/warsztatyceramiki.pl\/index.php\/wp-json\/wp\/v2\/media\/1925"}],"wp:attachment":[{"href":"https:\/\/warsztatyceramiki.pl\/index.php\/wp-json\/wp\/v2\/media?parent=1920"}],"wp:term":[{"taxonomy":"category","embeddable":true,"href":"https:\/\/warsztatyceramiki.pl\/index.php\/wp-json\/wp\/v2\/categories?post=1920"},{"taxonomy":"post_tag","embeddable":true,"href":"https:\/\/warsztatyceramiki.pl\/index.php\/wp-json\/wp\/v2\/tags?post=1920"}],"curies":[{"name":"wp","href":"https:\/\/api.w.org\/{rel}","templated":true}]}}